{"id":375,"date":"2022-03-23T11:16:00","date_gmt":"2022-03-23T11:16:00","guid":{"rendered":"https:\/\/www.khjoe.at\/khjoe\/?p=375"},"modified":"2025-02-12T09:11:28","modified_gmt":"2025-02-12T09:11:28","slug":"septex-nach-rom-12-18-9-2022","status":"publish","type":"post","link":"https:\/\/www.khjoe.at\/khjoe\/index.php\/2022\/03\/23\/septex-nach-rom-12-18-9-2022\/","title":{"rendered":"SeptEx nach Rom (12.-18.9.2022)"},"content":{"rendered":"<p><strong>SeptEx<\/strong> &#8211; <strong>Die SiebenTage Exkursion im September!<\/strong>&nbsp;<\/p>\n<h4><span style=\"color: #339966;\">Programmvorschau<\/span><\/h4>\n<p>Die Exkursion soll auf einer Dreifaltigkeit von Reisegemeinschaft, kulturellen Besichtigungen und Austausch mit regionalen, religi\u00f6sen Organisationen aufbauen.<\/p>\n<p><strong>Gemeinschaft<\/strong><\/p>\n<p>Wer mitfahren <strong>m\u00f6chte,<\/strong> kann sich darauf einstellen, dass viel gemeinsam gegessen, getratscht, gemeinsam erkundet, gebetet und vielleicht auch gesungen wird. Dar\u00fcber hinaus f\u00e4nden wir es prima, wenn Mitreisende selbst einen spirituellen Impuls oder \u00c4hnliches vorbereiten. Das soll aber kein Zwang sein, nur allen die M\u00f6glichkeit geben einen Teil zur Gemeinschaft beizutragen.<\/p>\n<p><strong>Besichtigung<\/strong><\/p>\n<p>In Rom gibt es viel zu sehen. F\u00fcr diese Exkursion haben wir uns einige der MustSees gew\u00e4hlt und in das Programm eingebaut, wie hier skizziert:<\/p>\n<ul>\n<li><strong>1. Tag<\/strong> \u2013 Sehenswertes in der inneren Stadt (Pantheon, Trevi-Brunnen)<\/li>\n<li><strong>2. Tag<\/strong> \u2013 Vatikan (Museen, Sixtinische Kapelle)<\/li>\n<li><strong>3. Tag<\/strong> \u2013 Papstaudienz und Besichtigung im Petersdom<\/li>\n<li><strong>4. Tag<\/strong> \u2013 Antike Rom Tour (Kolosseum, Forum Romanum)<\/li>\n<li><strong>5. Tag<\/strong> \u2013 Piazza del Popolo, Spanische Treppe, Kapuzinergruft<\/li>\n<li><strong>6. Tag<\/strong> \u2013 Eine drei Kirchen-Tour durch drei der sehenswertesten Kirchen Roms<\/li>\n<li><strong>7<\/strong>.<strong> Tag<\/strong> \u2013 Abreisetag<\/li>\n<\/ul>\n<p><strong>Kooperationen<\/strong><\/p>\n<p>Im Rahmen der Exkursion wollen wir ins Gespr\u00e4ch mit regionalen Organisationen kommen, wie <a href=\"https:\/\/www.portale.fuci.net\/\" target=\"_blank\" rel=\"noopener\">Fuci (F\u00f6deration katholischer Universit\u00e4tsstudierender Italien)<\/a>, <a href=\"https:\/\/www.santegidio.org\/\" target=\"_blank\" rel=\"noopener\">Gemeinschaft Sant\u2019Egidio<\/a> und anderen.<\/p>\n<p><em>\u00c4nderungen im Programmablauf sind im Zuge der Terminplanung mit den Partner-Organisationen vorbehalten.<\/em><\/p>\n<h4><span style=\"color: #339966;\">Reisedaten \/ weitere Informationen<\/span><\/h4>\n<p><strong>Dauer: 12.9.2022 \u2013 18.9.2022<\/strong><\/p>\n<p>Anreise nach Roma Termini bis 12.9.2022 14:00 selbstorganisiert&nbsp;&nbsp;&nbsp;&nbsp;&nbsp;&nbsp;&nbsp;&nbsp;&nbsp;&nbsp;&nbsp; <br>Abreise von Roma Termini am 18.9.2022 ab 11:00 selbstorganisiert<\/p>\n<p><strong>Kosten:&nbsp;&nbsp; 300&nbsp;\u20ac<\/strong> f\u00fcr KHJ-Mitglieder&nbsp; &nbsp;<br><strong>350 \u20ac<\/strong> f\u00fcr andere Teilnehmende<\/p>\n<p>Inkludiert sind: N\u00e4chtigung im Mehrbettzimmer (Du\/WC) mit Fr\u00fchst\u00fcck<br>Nahverkehrsticket<br>Eintrittsgeb\u00fchren<br><strong>An- und Abreisekosten wie auch Verpflegung exklusive<\/strong><\/p>\n<p><strong>Anmeldung <\/strong><\/p>\n<p>ab sofort bei Petr Slouk (<a href=\"mailto:p.slouk@edw.or.at\">p.slouk@edw.or.at<\/a>) mit Namen und KHJ-Standort (wenn Mitglied)<\/p>\n<p><strong>Maximale Teilnehmer:innenzahl:<\/strong> 20<\/p>\n<p>Bis 29.5.2022 sind zwei Pl\u00e4tze an jedem KHJ-Standort fixierbar. Danach stehen alle Restpl\u00e4tze f\u00fcr Interessierte an allen Orten zur Verf\u00fcgung. Die F\u00fchrung einer Warteliste ist immer m\u00f6glich.<\/p>\n<p>Ab 30.5.2022 ist eine Anzahlung von 100 \u20ac f\u00fcr eine verbindliche Anmeldung an untenstehendes Konto zu leisten. Die restlichen Kosten sollen bis 31.7.2022 nachgezahlt werden.<\/p>\n<p><strong>Katholische Hochschuljugend \u00d6sterreichs&nbsp;&nbsp;&nbsp;&nbsp;&nbsp;&nbsp;&nbsp;&nbsp;&nbsp; <br>IBAN: AT171919000000100784&nbsp; <br>BIC: BSSWATWW<\/strong><\/p>\n<p><strong>Ende der Anmeldefrist ist der 19.6.2022.<\/strong><\/p>\n<p>Wir freuen uns \u00fcber reges Interesse und blicken voller Vorfreude auf eine spannende Exkursion.<\/p>\n<p>Euer SeptEx-Organisationsteam<\/p>\n<p><strong>N\u00e4here Informationen<\/strong>: <a href=\"http:\/\/www.khjoe.at\/khjoe\/wp-content\/uploads\/2022\/03\/SeptEx_2022_Details.pdf\" target=\"_blank\" rel=\"noopener\">SeptEx_2022_Details<\/a><\/p>\n\n\n<p><\/p>\n","protected":false},"excerpt":{"rendered":"<p>SeptEx &#8211; Die SiebenTage Exkursion im September!&nbsp; Programmvorschau Die Exkursion soll auf [&hellip;]<\/p>\n","protected":false},"author":5,"featured_media":455,"comment_status":"closed","ping_status":"closed","sticky":false,"template":"","format":"standard","meta":[],"categories":[1],"tags":[],"_links":{"self":[{"href":"https:\/\/www.khjoe.at\/khjoe\/index.php\/wp-json\/wp\/v2\/posts\/375"}],"collection":[{"href":"https:\/\/www.khjoe.at\/khjoe\/index.php\/wp-json\/wp\/v2\/posts"}],"about":[{"href":"https:\/\/www.khjoe.at\/khjoe\/index.php\/wp-json\/wp\/v2\/types\/post"}],"author":[{"embeddable":true,"href":"https:\/\/www.khjoe.at\/khjoe\/index.php\/wp-json\/wp\/v2\/users\/5"}],"replies":[{"embeddable":true,"href":"https:\/\/www.khjoe.at\/khjoe\/index.php\/wp-json\/wp\/v2\/comments?post=375"}],"version-history":[{"count":10,"href":"https:\/\/www.khjoe.at\/khjoe\/index.php\/wp-json\/wp\/v2\/posts\/375\/revisions"}],"predecessor-version":[{"id":456,"href":"https:\/\/www.khjoe.at\/khjoe\/index.php\/wp-json\/wp\/v2\/posts\/375\/revisions\/456"}],"wp:featuredmedia":[{"embeddable":true,"href":"https:\/\/www.khjoe.at\/khjoe\/index.php\/wp-json\/wp\/v2\/media\/455"}],"wp:attachment":[{"href":"https:\/\/www.khjoe.at\/khjoe\/index.php\/wp-json\/wp\/v2\/media?parent=375"}],"wp:term":[{"taxonomy":"category","embeddable":true,"href":"https:\/\/www.khjoe.at\/khjoe\/index.php\/wp-json\/wp\/v2\/categories?post=375"},{"taxonomy":"post_tag","embeddable":true,"href":"https:\/\/www.khjoe.at\/khjoe\/index.php\/wp-json\/wp\/v2\/tags?post=375"}],"curies":[{"name":"wp","href":"https:\/\/api.w.org\/{rel}","templated":true}]}}