{"id":654,"date":"2025-03-31T09:39:12","date_gmt":"2025-03-31T09:39:12","guid":{"rendered":"https:\/\/www.khjoe.at\/khjoe\/?p=654"},"modified":"2025-03-31T09:58:20","modified_gmt":"2025-03-31T09:58:20","slug":"elias-zorn-beim-95-jaehrigen-jubilaeum-von-obnova-in-lviv","status":"publish","type":"post","link":"https:\/\/www.khjoe.at\/khjoe\/index.php\/2025\/03\/31\/elias-zorn-beim-95-jaehrigen-jubilaeum-von-obnova-in-lviv\/","title":{"rendered":"Elias Zorn beim 95-j\u00e4hrigen Jubil\u00e4um von Obnova in Lviv"},"content":{"rendered":"<p>Elias Zorn, Referent f\u00fcr Internationales, vertrat die KHJ\u00d6 beim 95-j\u00e4hrigen Jubil\u00e4um von Obnova \u2013 einer katholischen Student*innenorganisation und Pendant der KHJ in der Ukraine. Die Feierlichkeiten fanden in Lviv statt:<\/p>\n<p>&#8222;Wir erfuhren, wie Obnova entstanden ist, diskutierten die Bedeutung ihres Mottos ,Erneuere alles in Jesus&#8216; und h\u00f6rten bewegende Berichte dar\u00fcber, wie ehemalige Mitglieder heute an der Front k\u00e4mpfen, Verwundete pflegen und wie ihnen der Glaube hilft, durch diese schwere Zeit zu kommen. Bei einer Podiumsdiskussion zum Thema ,Obnova in internationalen Organisationen&#8216; durfte ich \u00fcber unsere Zusammenarbeit in JECI-MIEC sprechen und die Freundschaft w\u00fcrdigen, die unsere Organisationen \u00fcber Generationen hinweg verbindet.<\/p>\n<p>Gemeinsam feierten wir das Jubil\u00e4um am Samstagabend mit Kuchen und am Sonntagmorgen mit einer Messe. Zu diesem Anlass durfte ich Obnova das von den Vorstandsmitgliedern unterzeichnete Gl\u00fcckwunschschreiben \u00fcberreichen.<\/p>\n<p>F\u00fcr mich pers\u00f6nlich war es sehr eindr\u00fccklich, w\u00e4hrend des andauernden Krieges in die Ukraine zu reisen. Ich bin dankbar, dass mir nichts passiert ist und ich keine Kampfhandlungen miterleben musste. Dennoch war der Krieg allgegenw\u00e4rtig \u2013 durch die vielen Verwundeten, Soldaten, die auff\u00e4llige \u00dcberzahl an Frauen sowie durch die Sicherheitsvorkehrungen, wie etwa die Instruktionen f\u00fcr den Fall eines Raketenangriffs.<\/p>\n<p>Wir sind stolz, an der Seite der Ukraine stehen zu d\u00fcrfen, und w\u00fcnschen Obnova alles Gute zum 95-j\u00e4hrigen Jubil\u00e4um. Zugleich danken wir ihnen f\u00fcr die bedeutende Arbeit, die sie leisten.&#8220;<\/p>\n<p>Siehe auch: <a href=\"https:\/\/www.kaoe.at\/artikel\/152712\/irgendwann-wird-die-angst-vor-dem-krieg-so-gross-dass-man-nicht-mehr-studieren-kann\" target=\"_blank\" rel=\"noopener\">\u201eIrgendwann wird die Angst vor dem Krieg so gro\u00df, dass man nicht mehr studieren kann\u201c<\/a> (Homepage KA\u00d6)\u00a0<\/p>\n<p>Beitragsbild: Elias Zorn (l.), Nadiia Shchurko (r.) \u00a9 KHJ\u00d6\/Elias Zorn<\/p>\n<p>\u00a0<\/p>\n\n\n<figure class=\"wp-block-gallery columns-3 is-cropped\"><ul class=\"blocks-gallery-grid\"><li class=\"blocks-gallery-item\"><figure><img loading=\"lazy\" width=\"1024\" height=\"682\" src=\"https:\/\/www.khjoe.at\/khjoe\/wp-content\/uploads\/2025\/03\/Bild-6-1024x682.jpg\" alt=\"\" data-id=\"657\" data-link=\"https:\/\/www.khjoe.at\/khjoe\/?attachment_id=657\" class=\"wp-image-657\" srcset=\"https:\/\/www.khjoe.at\/khjoe\/wp-content\/uploads\/2025\/03\/Bild-6-1024x682.jpg 1024w, https:\/\/www.khjoe.at\/khjoe\/wp-content\/uploads\/2025\/03\/Bild-6-300x200.jpg 300w, https:\/\/www.khjoe.at\/khjoe\/wp-content\/uploads\/2025\/03\/Bild-6-768x512.jpg 768w, https:\/\/www.khjoe.at\/khjoe\/wp-content\/uploads\/2025\/03\/Bild-6-1536x1023.jpg 1536w, https:\/\/www.khjoe.at\/khjoe\/wp-content\/uploads\/2025\/03\/Bild-6-920x613.jpg 920w, https:\/\/www.khjoe.at\/khjoe\/wp-content\/uploads\/2025\/03\/Bild-6-230x153.jpg 230w, https:\/\/www.khjoe.at\/khjoe\/wp-content\/uploads\/2025\/03\/Bild-6-350x233.jpg 350w, https:\/\/www.khjoe.at\/khjoe\/wp-content\/uploads\/2025\/03\/Bild-6-480x320.jpg 480w, https:\/\/www.khjoe.at\/khjoe\/wp-content\/uploads\/2025\/03\/Bild-6.jpg 1600w\" sizes=\"(max-width: 1024px) 100vw, 1024px\" \/><figcaption class=\"blocks-gallery-item__caption\">Mariia Hrabova (l.), Elias Zorn bei der \u00dcbergabe der Gl\u00fcckw\u00fcnsche und Einladung zur KHJ\u00d6-Wallfahrt nach Mariazell<\/figcaption><\/figure><\/li><li class=\"blocks-gallery-item\"><figure><img loading=\"lazy\" width=\"1024\" height=\"575\" src=\"https:\/\/www.khjoe.at\/khjoe\/wp-content\/uploads\/2025\/03\/Bild-9-1024x575.jpg\" alt=\"\" data-id=\"658\" data-link=\"https:\/\/www.khjoe.at\/khjoe\/?attachment_id=658\" class=\"wp-image-658\" srcset=\"https:\/\/www.khjoe.at\/khjoe\/wp-content\/uploads\/2025\/03\/Bild-9-1024x575.jpg 1024w, https:\/\/www.khjoe.at\/khjoe\/wp-content\/uploads\/2025\/03\/Bild-9-300x169.jpg 300w, https:\/\/www.khjoe.at\/khjoe\/wp-content\/uploads\/2025\/03\/Bild-9-768x432.jpg 768w, https:\/\/www.khjoe.at\/khjoe\/wp-content\/uploads\/2025\/03\/Bild-9-1536x863.jpg 1536w, https:\/\/www.khjoe.at\/khjoe\/wp-content\/uploads\/2025\/03\/Bild-9-920x517.jpg 920w, https:\/\/www.khjoe.at\/khjoe\/wp-content\/uploads\/2025\/03\/Bild-9-230x129.jpg 230w, https:\/\/www.khjoe.at\/khjoe\/wp-content\/uploads\/2025\/03\/Bild-9-350x197.jpg 350w, https:\/\/www.khjoe.at\/khjoe\/wp-content\/uploads\/2025\/03\/Bild-9-480x270.jpg 480w, https:\/\/www.khjoe.at\/khjoe\/wp-content\/uploads\/2025\/03\/Bild-9.jpg 1600w\" sizes=\"(max-width: 1024px) 100vw, 1024px\" \/><figcaption class=\"blocks-gallery-item__caption\">Bahnhof Liv \u00a9 KHJ\u00d6\/Elias Zorn<\/figcaption><\/figure><\/li><li class=\"blocks-gallery-item\"><figure><img loading=\"lazy\" width=\"1024\" height=\"596\" src=\"https:\/\/www.khjoe.at\/khjoe\/wp-content\/uploads\/2025\/03\/Bild-5-bearb-1024x596.jpg\" alt=\"\" data-id=\"659\" data-link=\"https:\/\/www.khjoe.at\/khjoe\/?attachment_id=659\" class=\"wp-image-659\" srcset=\"https:\/\/www.khjoe.at\/khjoe\/wp-content\/uploads\/2025\/03\/Bild-5-bearb-1024x596.jpg 1024w, https:\/\/www.khjoe.at\/khjoe\/wp-content\/uploads\/2025\/03\/Bild-5-bearb-300x175.jpg 300w, https:\/\/www.khjoe.at\/khjoe\/wp-content\/uploads\/2025\/03\/Bild-5-bearb-768x447.jpg 768w, https:\/\/www.khjoe.at\/khjoe\/wp-content\/uploads\/2025\/03\/Bild-5-bearb-920x535.jpg 920w, https:\/\/www.khjoe.at\/khjoe\/wp-content\/uploads\/2025\/03\/Bild-5-bearb-230x134.jpg 230w, https:\/\/www.khjoe.at\/khjoe\/wp-content\/uploads\/2025\/03\/Bild-5-bearb-350x204.jpg 350w, https:\/\/www.khjoe.at\/khjoe\/wp-content\/uploads\/2025\/03\/Bild-5-bearb-480x279.jpg 480w, https:\/\/www.khjoe.at\/khjoe\/wp-content\/uploads\/2025\/03\/Bild-5-bearb.jpg 1442w\" sizes=\"(max-width: 1024px) 100vw, 1024px\" \/><figcaption class=\"blocks-gallery-item__caption\">35 Gefallene aus der UCU-Gemeinschaft \u00a9 KHJ\u00d6\/Elias Zorn <\/figcaption><\/figure><\/li><li class=\"blocks-gallery-item\"><figure><img loading=\"lazy\" width=\"1024\" height=\"682\" src=\"https:\/\/www.khjoe.at\/khjoe\/wp-content\/uploads\/2025\/03\/Bild-4-1024x682.jpg\" alt=\"\" data-id=\"660\" data-link=\"https:\/\/www.khjoe.at\/khjoe\/?attachment_id=660\" class=\"wp-image-660\" srcset=\"https:\/\/www.khjoe.at\/khjoe\/wp-content\/uploads\/2025\/03\/Bild-4-1024x682.jpg 1024w, https:\/\/www.khjoe.at\/khjoe\/wp-content\/uploads\/2025\/03\/Bild-4-300x200.jpg 300w, https:\/\/www.khjoe.at\/khjoe\/wp-content\/uploads\/2025\/03\/Bild-4-768x512.jpg 768w, https:\/\/www.khjoe.at\/khjoe\/wp-content\/uploads\/2025\/03\/Bild-4-1536x1023.jpg 1536w, https:\/\/www.khjoe.at\/khjoe\/wp-content\/uploads\/2025\/03\/Bild-4-920x613.jpg 920w, https:\/\/www.khjoe.at\/khjoe\/wp-content\/uploads\/2025\/03\/Bild-4-230x153.jpg 230w, https:\/\/www.khjoe.at\/khjoe\/wp-content\/uploads\/2025\/03\/Bild-4-350x233.jpg 350w, https:\/\/www.khjoe.at\/khjoe\/wp-content\/uploads\/2025\/03\/Bild-4-480x320.jpg 480w, https:\/\/www.khjoe.at\/khjoe\/wp-content\/uploads\/2025\/03\/Bild-4.jpg 1600w\" sizes=\"(max-width: 1024px) 100vw, 1024px\" \/><figcaption class=\"blocks-gallery-item__caption\">Brief von Obnova an die KHJ\u00d6 \u00a9 KHJ\u00d6\/Elias Zorn<\/figcaption><\/figure><\/li><li class=\"blocks-gallery-item\"><figure><img loading=\"lazy\" width=\"1024\" height=\"682\" src=\"https:\/\/www.khjoe.at\/khjoe\/wp-content\/uploads\/2025\/03\/Bild-2-1024x682.jpg\" alt=\"\" data-id=\"661\" data-link=\"https:\/\/www.khjoe.at\/khjoe\/?attachment_id=661\" class=\"wp-image-661\" srcset=\"https:\/\/www.khjoe.at\/khjoe\/wp-content\/uploads\/2025\/03\/Bild-2-1024x682.jpg 1024w, https:\/\/www.khjoe.at\/khjoe\/wp-content\/uploads\/2025\/03\/Bild-2-300x200.jpg 300w, https:\/\/www.khjoe.at\/khjoe\/wp-content\/uploads\/2025\/03\/Bild-2-768x512.jpg 768w, https:\/\/www.khjoe.at\/khjoe\/wp-content\/uploads\/2025\/03\/Bild-2-1536x1023.jpg 1536w, https:\/\/www.khjoe.at\/khjoe\/wp-content\/uploads\/2025\/03\/Bild-2-920x613.jpg 920w, https:\/\/www.khjoe.at\/khjoe\/wp-content\/uploads\/2025\/03\/Bild-2-230x153.jpg 230w, https:\/\/www.khjoe.at\/khjoe\/wp-content\/uploads\/2025\/03\/Bild-2-350x233.jpg 350w, https:\/\/www.khjoe.at\/khjoe\/wp-content\/uploads\/2025\/03\/Bild-2-480x320.jpg 480w, https:\/\/www.khjoe.at\/khjoe\/wp-content\/uploads\/2025\/03\/Bild-2.jpg 1600w\" sizes=\"(max-width: 1024px) 100vw, 1024px\" \/><figcaption class=\"blocks-gallery-item__caption\">\u00a9 KHJ\u00d6\/Elias Zorn<\/figcaption><\/figure><\/li><li class=\"blocks-gallery-item\"><figure><img loading=\"lazy\" width=\"1024\" height=\"768\" src=\"https:\/\/www.khjoe.at\/khjoe\/wp-content\/uploads\/2025\/03\/Bild-7-1024x768.jpg\" alt=\"\" data-id=\"662\" data-link=\"https:\/\/www.khjoe.at\/khjoe\/?attachment_id=662\" class=\"wp-image-662\" srcset=\"https:\/\/www.khjoe.at\/khjoe\/wp-content\/uploads\/2025\/03\/Bild-7-1024x768.jpg 1024w, https:\/\/www.khjoe.at\/khjoe\/wp-content\/uploads\/2025\/03\/Bild-7-300x225.jpg 300w, https:\/\/www.khjoe.at\/khjoe\/wp-content\/uploads\/2025\/03\/Bild-7-768x576.jpg 768w, https:\/\/www.khjoe.at\/khjoe\/wp-content\/uploads\/2025\/03\/Bild-7-1536x1152.jpg 1536w, https:\/\/www.khjoe.at\/khjoe\/wp-content\/uploads\/2025\/03\/Bild-7-920x690.jpg 920w, https:\/\/www.khjoe.at\/khjoe\/wp-content\/uploads\/2025\/03\/Bild-7-230x173.jpg 230w, https:\/\/www.khjoe.at\/khjoe\/wp-content\/uploads\/2025\/03\/Bild-7-350x263.jpg 350w, https:\/\/www.khjoe.at\/khjoe\/wp-content\/uploads\/2025\/03\/Bild-7-480x360.jpg 480w, https:\/\/www.khjoe.at\/khjoe\/wp-content\/uploads\/2025\/03\/Bild-7.jpg 1600w\" sizes=\"(max-width: 1024px) 100vw, 1024px\" \/><figcaption class=\"blocks-gallery-item__caption\">\u00a9 KHJ\u00d6\/Elias Zorn<\/figcaption><\/figure><\/li><li class=\"blocks-gallery-item\"><figure><img loading=\"lazy\" width=\"1024\" height=\"682\" src=\"https:\/\/www.khjoe.at\/khjoe\/wp-content\/uploads\/2025\/03\/Bild-3-1024x682.jpg\" alt=\"\" data-id=\"663\" data-full-url=\"https:\/\/www.khjoe.at\/khjoe\/wp-content\/uploads\/2025\/03\/Bild-3.jpg\" data-link=\"https:\/\/www.khjoe.at\/khjoe\/?attachment_id=663\" class=\"wp-image-663\" srcset=\"https:\/\/www.khjoe.at\/khjoe\/wp-content\/uploads\/2025\/03\/Bild-3-1024x682.jpg 1024w, https:\/\/www.khjoe.at\/khjoe\/wp-content\/uploads\/2025\/03\/Bild-3-300x200.jpg 300w, https:\/\/www.khjoe.at\/khjoe\/wp-content\/uploads\/2025\/03\/Bild-3-768x512.jpg 768w, https:\/\/www.khjoe.at\/khjoe\/wp-content\/uploads\/2025\/03\/Bild-3-1536x1023.jpg 1536w, https:\/\/www.khjoe.at\/khjoe\/wp-content\/uploads\/2025\/03\/Bild-3-920x613.jpg 920w, https:\/\/www.khjoe.at\/khjoe\/wp-content\/uploads\/2025\/03\/Bild-3-230x153.jpg 230w, https:\/\/www.khjoe.at\/khjoe\/wp-content\/uploads\/2025\/03\/Bild-3-350x233.jpg 350w, https:\/\/www.khjoe.at\/khjoe\/wp-content\/uploads\/2025\/03\/Bild-3-480x320.jpg 480w, https:\/\/www.khjoe.at\/khjoe\/wp-content\/uploads\/2025\/03\/Bild-3.jpg 1600w\" sizes=\"(max-width: 1024px) 100vw, 1024px\" \/><figcaption class=\"blocks-gallery-item__caption\">\u00a9 KHJ\u00d6\/Elias Zorn<\/figcaption><\/figure><\/li><\/ul><\/figure>\n\n\n\n<p><\/p>\n","protected":false},"excerpt":{"rendered":"<p>Elias Zorn, Referent f\u00fcr Internationales, vertrat die KHJ\u00d6 beim 95-j\u00e4hrigen Jubil\u00e4um von [&hellip;]<\/p>\n","protected":false},"author":5,"featured_media":665,"comment_status":"closed","ping_status":"open","sticky":false,"template":"","format":"standard","meta":[],"categories":[1],"tags":[],"_links":{"self":[{"href":"https:\/\/www.khjoe.at\/khjoe\/index.php\/wp-json\/wp\/v2\/posts\/654"}],"collection":[{"href":"https:\/\/www.khjoe.at\/khjoe\/index.php\/wp-json\/wp\/v2\/posts"}],"about":[{"href":"https:\/\/www.khjoe.at\/khjoe\/index.php\/wp-json\/wp\/v2\/types\/post"}],"author":[{"embeddable":true,"href":"https:\/\/www.khjoe.at\/khjoe\/index.php\/wp-json\/wp\/v2\/users\/5"}],"replies":[{"embeddable":true,"href":"https:\/\/www.khjoe.at\/khjoe\/index.php\/wp-json\/wp\/v2\/comments?post=654"}],"version-history":[{"count":7,"href":"https:\/\/www.khjoe.at\/khjoe\/index.php\/wp-json\/wp\/v2\/posts\/654\/revisions"}],"predecessor-version":[{"id":674,"href":"https:\/\/www.khjoe.at\/khjoe\/index.php\/wp-json\/wp\/v2\/posts\/654\/revisions\/674"}],"wp:featuredmedia":[{"embeddable":true,"href":"https:\/\/www.khjoe.at\/khjoe\/index.php\/wp-json\/wp\/v2\/media\/665"}],"wp:attachment":[{"href":"https:\/\/www.khjoe.at\/khjoe\/index.php\/wp-json\/wp\/v2\/media?parent=654"}],"wp:term":[{"taxonomy":"category","embeddable":true,"href":"https:\/\/www.khjoe.at\/khjoe\/index.php\/wp-json\/wp\/v2\/categories?post=654"},{"taxonomy":"post_tag","embeddable":true,"href":"https:\/\/www.khjoe.at\/khjoe\/index.php\/wp-json\/wp\/v2\/tags?post=654"}],"curies":[{"name":"wp","href":"https:\/\/api.w.org\/{rel}","templated":true}]}}